{"id":400,"date":"2026-09-03T17:53:38","date_gmt":"2026-09-03T15:53:38","guid":{"rendered":"https:\/\/echecs-vanves.fr\/?p=400"},"modified":"2026-09-03T17:53:38","modified_gmt":"2026-09-03T15:53:38","slug":"bonne-rentree-a-tous-et-rendez-vous-au-parc-pic-pour-le-forum-des-associations-samedi-05-septembre","status":"publish","type":"post","link":"https:\/\/echecs-vanves.fr\/index.php\/2026\/09\/03\/bonne-rentree-a-tous-et-rendez-vous-au-parc-pic-pour-le-forum-des-associations-samedi-05-septembre\/","title":{"rendered":"BONNE RENTR\u00c9E \u00c0 TOUS ET RENDEZ-VOUS AU PARC PIC POUR LE FORUM DES ASSOCIATIONS Samedi 05 septembre"},"content":{"rendered":"\n<p class=\"wp-block-paragraph\">Le club aborde la saison 2026-2027 en amplifiant les actions entreprises l\u2019an dernier qui ont \u00e9t\u00e9 l\u2019expression du dynamisme de ses membres et de ses dirigeants.<\/p>\n\n\n\n<p class=\"wp-block-paragraph\">Comme chaque ann\u00e9e, le forum des associations, au Parc Pic, de 9 heures \u00e0 18 heures, le samedi 5 septembre, sera l\u2019occasion de jouer une partie, de prendre des renseignements, d\u2019adh\u00e9rer ou d\u2019adh\u00e9rer \u00e0 nouveau. Comme les ann\u00e9es pr\u00e9c\u00e9dentes, la cotisation annuelle reste stable et est fix\u00e9e \u00e0 100\u20ac \u00e0 laquelle s\u2019ajoute la licence B (de loisirs) ou A (de comp\u00e9tition) dont le tarif varie selon la cat\u00e9gorie d\u2019\u00e2ge.<\/p>\n\n\n\n<p class=\"wp-block-paragraph\">Le club demeure ouvert les mercredis et samedis de 14 heures \u00e0 19 heures au 32-36, rue Jean Bleuzen, \u00e0 l\u2019Espace Bleuzen et vous accueillera \u00e0 nouveau le mercredi 9 septembre 2026.<\/p>\n\n\n\n<p class=\"wp-block-paragraph\">Il organise le 7<sup>\u00e8me<\/sup> Rapide de Vanves, le samedi 3 octobre 2026 \u00e0 l\u2019\u00e9cole primaire Larmeroux de 9 h30 \u00e0 16 h30. L\u2019inscription s\u2019effectue aupr\u00e8s du Pr\u00e9sident et le tarif est de 20\u20ac pour les seniors et de 12\u20ac pour les jeunes vanv\u00e9ens et 15\u20ac pour les jeunes non vanv\u00e9ens, major\u00e9e de 5\u20ac \u00e0 partir du 26 septembre.<\/p>\n\n\n\n<p class=\"wp-block-paragraph\">Enfin, l\u2019AGO (l\u2019Assembl\u00e9e G\u00e9n\u00e9rale Ordinaire) du club se tiendra le samedi 10 octobre \u00e0 l\u2019Espace Jean Bleuzen, \u00e018 heures.<\/p>\n\n\n\n<p class=\"wp-block-paragraph\">Ce site est \u00e9galement l\u2019occasion de laisser vos messages dont il sera tenu compte&nbsp;; ce qui vous permet ainsi de participer \u00e0 la vie du club.<\/p>\n\n\n\n<p class=\"wp-block-paragraph\">Bonne rentr\u00e9e \u00e0 tous et de nombreux Echecs et mat&nbsp;!<\/p>\n\n\n\n<p class=\"wp-block-paragraph\">Philippe Deloire<\/p>\n\n\n\n<p class=\"wp-block-paragraph\">Le Pr\u00e9sident<\/p>\n","protected":false},"excerpt":{"rendered":"<p>Le club aborde la saison 2026-2027 en amplifiant les actions entreprises l\u2019an dernier qui ont \u00e9t\u00e9 l\u2019expression du dynamisme de ses membres et de ses dirigeants. Comme chaque ann\u00e9e, le forum des associations, au Parc Pic, de 9 heures \u00e0 18 heures, le samedi 5 septembre, sera l\u2019occasion de jouer une partie, de prendre des [&hellip;]<\/p>\n","protected":false},"author":3,"featured_media":264,"comment_status":"open","ping_status":"open","sticky":false,"template":"","format":"standard","meta":{"_seopress_titles_title":"","_seopress_titles_desc":"","_seopress_robots_index":"","_seopress_robots_follow":"","_seopress_robots_imageindex":"","_seopress_robots_snippet":"","_seopress_robots_primary_cat":"","_seopress_robots_breadcrumbs":"","_seopress_robots_freeze_modified_date":"","_seopress_robots_custom_modified_date":"","_seopress_robots_canonical":"","_seopress_social_fb_title":"","_seopress_social_fb_desc":"","_seopress_social_fb_img":"","_seopress_social_fb_img_attachment_id":0,"_seopress_social_fb_img_width":0,"_seopress_social_fb_img_height":0,"_seopress_social_twitter_title":"","_seopress_social_twitter_desc":"","_seopress_social_twitter_img":"","_seopress_social_twitter_img_attachment_id":0,"_seopress_social_twitter_img_width":0,"_seopress_social_twitter_img_height":0,"_seopress_redirections_value":"","_seopress_redirections_enabled":"","_seopress_redirections_enabled_regex":"","_seopress_redirections_logged_status":"","_seopress_redirections_param":"","_seopress_redirections_type":0,"_seopress_analysis_target_kw":"","footnotes":""},"categories":[1],"tags":[],"class_list":["post-400","post","type-post","status-publish","format-standard","has-post-thumbnail","hentry","category-non-classe"],"_links":{"self":[{"href":"https:\/\/echecs-vanves.fr\/index.php\/wp-json\/wp\/v2\/posts\/400","targetHints":{"allow":["GET"]}}],"collection":[{"href":"https:\/\/echecs-vanves.fr\/index.php\/wp-json\/wp\/v2\/posts"}],"about":[{"href":"https:\/\/echecs-vanves.fr\/index.php\/wp-json\/wp\/v2\/types\/post"}],"author":[{"embeddable":true,"href":"https:\/\/echecs-vanves.fr\/index.php\/wp-json\/wp\/v2\/users\/3"}],"replies":[{"embeddable":true,"href":"https:\/\/echecs-vanves.fr\/index.php\/wp-json\/wp\/v2\/comments?post=400"}],"version-history":[{"count":3,"href":"https:\/\/echecs-vanves.fr\/index.php\/wp-json\/wp\/v2\/posts\/400\/revisions"}],"predecessor-version":[{"id":403,"href":"https:\/\/echecs-vanves.fr\/index.php\/wp-json\/wp\/v2\/posts\/400\/revisions\/403"}],"wp:featuredmedia":[{"embeddable":true,"href":"https:\/\/echecs-vanves.fr\/index.php\/wp-json\/wp\/v2\/media\/264"}],"wp:attachment":[{"href":"https:\/\/echecs-vanves.fr\/index.php\/wp-json\/wp\/v2\/media?parent=400"}],"wp:term":[{"taxonomy":"category","embeddable":true,"href":"https:\/\/echecs-vanves.fr\/index.php\/wp-json\/wp\/v2\/categories?post=400"},{"taxonomy":"post_tag","embeddable":true,"href":"https:\/\/echecs-vanves.fr\/index.php\/wp-json\/wp\/v2\/tags?post=400"}],"curies":[{"name":"wp","href":"https:\/\/api.w.org\/{rel}","templated":true}]}}